{"id":2025,"date":"2018-01-10T10:51:03","date_gmt":"2018-01-10T08:51:03","guid":{"rendered":"http:\/\/brutarul.ro\/?p=2025"},"modified":"2018-01-12T11:44:11","modified_gmt":"2018-01-12T09:44:11","slug":"international-green-week-2018-debag-provides-equipment-trade-fair-stand-central-association-german-bakers-academy","status":"publish","type":"post","link":"https:\/\/brutarul.ro\/en\/international-green-week-2018-debag-provides-equipment-trade-fair-stand-central-association-german-bakers-academy\/","title":{"rendered":"International Green Week 2018: DEBAG provides equipment for the trade fair stand of the Central Association of the German Bakers Academy"},"content":{"rendered":"<p>DEBAG is providing innovative baking and refrigeration technology for several stands, including the trade fair stand of the Central Association of the German Bakers Academy (Zentralverband der Akademie Deutsches B\u00e4ckerhandwerk e. V.) \u2013 another important step to support traditional baking.<\/p>\n<p>International Green Week in Berlin is the world\u2019s largest trade fair for food, agriculture and gardening. More than 1,600 exhibitors will attend this year, including key food industry representatives, wholesalers, retailers and caterers. More than 100,000 products from Germany, Europe and all over the world will be exhibited.<\/p>\n<p>DEBAG has a comprehensive portfolio of production and shop ovens, cooling and proving technology, and control and networking software, so it can supply all solutions directly. In total, DEBAG has fitted six trade fair stands at the 83nd Green Week with eight oven stations, 14 fully automatic proofers and various accessories, highlighting once again DEBAG\u2019s commitment to the future of bakers and baking. \u201cOur aim is to deliver innovative products to the baking trade that will help to overcome the challenges faced by a market for bakery products that is in transition and to open up the snack market as a new field of business \u2013 in Germany, Europe and all around the world\u201d, explains DEBAG Sales Manager, Oliver Thei\u00df.<\/p>\n<p><strong>DEBAG is extending its support for the next generation of bakers throughout Germany<\/strong><\/p>\n<p>DEBAG believes that it is vital to promote the next generation of bakers. The company started by installing innovative DEBAG baking and refrigeration technology at the vocational college for food and home economics inBautzen (Berufliches Schulzentrum f\u00fcr Ern\u00e4hrung und Hauswirtschaft) and the German Bakers Academy in Dresden (Akademie Deutsches B\u00e4ckerhandwerk Sachsen e.V.), both places where baking seminars initiated by DEBAG now regularly take place. For its next step since October 2016, DEBAG has been one of the five official supports of the \u201cBack Dir Deine Zukunft\u201d (Bake Your Future) campaign to promote future bakers, supporting future bakers throughout Germany.\u00a0The campaign was launched by the Central Association of German Bakers (Zentralverband des Deutschen B\u00e4ckerhandwerkes) and is aimed specifically at encouraging young people into the baking profession with a modern website, a lot of social media activities and a large job board.<\/p>\n<p><strong>Outlook: Next DEBAG trade fair event<\/strong><\/p>\n<p>INTERNORGA from 9 to 13 March in Hamburg is another important date on the DEBAG 2018 trade fair calendar. At Europe\u2019s leading trade show for foodservice and hospitality DEBAG presents its new : DEBAG presents its new e.BAKE.solutions product range \u2013 innovative software and technology for economical baking and enhanced user-friendliness \u2013 reducing labour and energy costs.<\/p>\n<p><strong>Outlook: Next DEBAG trade fair event<\/strong><\/p>\n<p>INTERNORGA from 9 to 13 March in Hamburg is another important date on the DEBAG 2018 trade fair calendar. At Europe\u2019s leading trade show for foodservice and hospitality DEBAG presents its new : DEBAG presents its new e.BAKE.solutions product range \u2013 innovative software and technology for economical baking and enhanced user-friendliness \u2013 reducing labour and energy costs.<\/p>\n<p>Visit the following stands to see DEBAG products at Green Week:<\/p>\n\n<table id=\"tablepress-11\" class=\"tablepress tablepress-id-11\">\n<thead>\n<tr class=\"row-1 odd\">\n\t<th class=\"column-1\">Exhibitor               <\/th><th class=\"column-2\"> Hall, stand<\/th>\n<\/tr>\n<\/thead>\n<tbody class=\"row-hover\">\n<tr class=\"row-2 even\">\n\t<td class=\"column-1\">Akademie dt. B\u00e4ckerhandwerk Berlin\/Brandenburg <\/td><td class=\"column-2\">Hall 3.2B and Hall 23a<\/td>\n<\/tr>\n<tr class=\"row-3 odd\">\n\t<td class=\"column-1\">Biocompany                  <\/td><td class=\"column-2\"> Hall 1.2 B, stand 202<\/td>\n<\/tr>\n<tr class=\"row-4 even\">\n\t<td class=\"column-1\">B\u00e4ckerei Reichau                                                                    <\/td><td class=\"column-2\">Hall 5.2 B, stand 223<\/td>\n<\/tr>\n<tr class=\"row-5 odd\">\n\t<td class=\"column-1\">Schmalzb\u00e4ckerei Langer             <\/td><td class=\"column-2\">Hall 5.2 B, stand 211<\/td>\n<\/tr>\n<tr class=\"row-6 even\">\n\t<td class=\"column-1\">Das Biobackhaus Leib  <\/td><td class=\"column-2\"> Hall 1.2 B, stand 222 and Hall 21 A, stand 139<\/td>\n<\/tr>\n<tr class=\"row-7 odd\">\n\t<td class=\"column-1\">B\u00e4ckerei Exner   <\/td><td class=\"column-2\"> Hall 21 A<\/td>\n<\/tr>\n<\/tbody>\n<\/table>\n<!-- #tablepress-11 from cache -->\n<p><strong>About DEBAG<\/strong><\/p>\n<p>DEBAG Deutsche Backofenbau GmbH is one of the worldwide leading manufacturers of oven and baking technology as well as cooling and proving technology. For over 100 years, the company has stood for artisan baking tradition \u201cMade in Germany\u201d and has increasingly established itself as a full service provider in the field of technical equipment for bakeries. Aware of the demands that modern consumers place on bread and bakery products in international markets, DEBAG caters to the traditional baking trade as well as to customers from food retail, gastronomy, hotels and petrol stations. DEBAG is active worldwide, has its own companies in France, Poland, Russia and the USA and provides comprehensive and competent service in over 30 countries.<\/p>\n","protected":false},"excerpt":{"rendered":"<p>Bautzen, 4 January 2018. International Green Week will run from 19 to 28 January 2018 in Berlin.<\/p>\n","protected":false},"author":4,"featured_media":2026,"comment_status":"closed","ping_status":"closed","sticky":false,"template":"","format":"standard","meta":[],"categories":[23],"tags":[27],"yoast_head":"<!-- This site is optimized with the Yoast SEO plugin v17.4 - https:\/\/yoast.com\/wordpress\/plugins\/seo\/ -->\n<title>International Green Week 2018: DEBAG provides equipment for the trade fair stand of the Central Association of the German Bakers Academy<\/title>\n<meta name=\"description\" content=\"Bautzen, 4 January 2018. International Green Week will run from 19 to 28 January 2018 in Berlin and DEBAG is providing innovative baking and refrigeration technology for several stands,\" \/>\n<meta name=\"robots\" content=\"index, follow, max-snippet:-1, max-image-preview:large, max-video-preview:-1\" \/>\n<link rel=\"canonical\" href=\"https:\/\/brutarul.ro\/en\/international-green-week-2018-debag-provides-equipment-trade-fair-stand-central-association-german-bakers-academy\/\" \/>\n<meta property=\"og:locale\" content=\"en_US\" \/>\n<meta property=\"og:type\" content=\"article\" \/>\n<meta property=\"og:title\" content=\"International Green Week 2018: DEBAG provides equipment for the trade fair stand of the Central Association of the German Bakers Academy\" \/>\n<meta property=\"og:description\" content=\"Bautzen, 4 January 2018. International Green Week will run from 19 to 28 January 2018 in Berlin and DEBAG is providing innovative baking and refrigeration technology for several stands,\" \/>\n<meta property=\"og:url\" content=\"https:\/\/brutarul.ro\/en\/international-green-week-2018-debag-provides-equipment-trade-fair-stand-central-association-german-bakers-academy\/\" \/>\n<meta property=\"og:site_name\" content=\"Brutarul Cofetarul\" \/>\n<meta property=\"article:publisher\" content=\"https:\/\/www.facebook.com\/brutarul\" \/>\n<meta property=\"article:published_time\" content=\"2018-01-10T08:51:03+00:00\" \/>\n<meta property=\"article:modified_time\" content=\"2018-01-12T09:44:11+00:00\" \/>\n<meta property=\"og:image\" content=\"https:\/\/brutarul.ro\/wp-content\/uploads\/2018\/01\/green-week.jpg\" \/>\n\t<meta property=\"og:image:width\" content=\"600\" \/>\n\t<meta property=\"og:image:height\" content=\"450\" \/>\n<meta name=\"twitter:card\" content=\"summary_large_image\" \/>\n<meta name=\"twitter:label1\" content=\"Written by\" \/>\n\t<meta name=\"twitter:data1\" content=\"bori\" \/>\n\t<meta name=\"twitter:label2\" content=\"Est. reading time\" \/>\n\t<meta name=\"twitter:data2\" content=\"3 minutes\" \/>\n<script type=\"application\/ld+json\" class=\"yoast-schema-graph\">{\"@context\":\"https:\/\/schema.org\",\"@graph\":[{\"@type\":\"Organization\",\"@id\":\"https:\/\/brutarul.ro\/#organization\",\"name\":\"Revista Brutarul-Cofetarul\",\"url\":\"https:\/\/brutarul.ro\/\",\"sameAs\":[\"https:\/\/www.facebook.com\/brutarul\"],\"logo\":{\"@type\":\"ImageObject\",\"@id\":\"https:\/\/brutarul.ro\/#logo\",\"inLanguage\":\"en-US\",\"url\":\"https:\/\/brutarul.ro\/wp-content\/uploads\/2022\/10\/B_logo_RO.png\",\"contentUrl\":\"https:\/\/brutarul.ro\/wp-content\/uploads\/2022\/10\/B_logo_RO.png\",\"width\":400,\"height\":154,\"caption\":\"Revista Brutarul-Cofetarul\"},\"image\":{\"@id\":\"https:\/\/brutarul.ro\/#logo\"}},{\"@type\":\"WebSite\",\"@id\":\"https:\/\/brutarul.ro\/#website\",\"url\":\"https:\/\/brutarul.ro\/\",\"name\":\"Brutarul Cofetarul\",\"description\":\"Brutarul Cofetarul\",\"publisher\":{\"@id\":\"https:\/\/brutarul.ro\/#organization\"},\"potentialAction\":[{\"@type\":\"SearchAction\",\"target\":{\"@type\":\"EntryPoint\",\"urlTemplate\":\"https:\/\/brutarul.ro\/?s={search_term_string}\"},\"query-input\":\"required name=search_term_string\"}],\"inLanguage\":\"en-US\"},{\"@type\":\"ImageObject\",\"@id\":\"https:\/\/brutarul.ro\/en\/international-green-week-2018-debag-provides-equipment-trade-fair-stand-central-association-german-bakers-academy\/#primaryimage\",\"inLanguage\":\"en-US\",\"url\":\"https:\/\/brutarul.ro\/wp-content\/uploads\/2018\/01\/green-week.jpg\",\"contentUrl\":\"https:\/\/brutarul.ro\/wp-content\/uploads\/2018\/01\/green-week.jpg\",\"width\":600,\"height\":450},{\"@type\":\"WebPage\",\"@id\":\"https:\/\/brutarul.ro\/en\/international-green-week-2018-debag-provides-equipment-trade-fair-stand-central-association-german-bakers-academy\/#webpage\",\"url\":\"https:\/\/brutarul.ro\/en\/international-green-week-2018-debag-provides-equipment-trade-fair-stand-central-association-german-bakers-academy\/\",\"name\":\"International Green Week 2018: DEBAG provides equipment for the trade fair stand of the Central Association of the German Bakers Academy\",\"isPartOf\":{\"@id\":\"https:\/\/brutarul.ro\/#website\"},\"primaryImageOfPage\":{\"@id\":\"https:\/\/brutarul.ro\/en\/international-green-week-2018-debag-provides-equipment-trade-fair-stand-central-association-german-bakers-academy\/#primaryimage\"},\"datePublished\":\"2018-01-10T08:51:03+00:00\",\"dateModified\":\"2018-01-12T09:44:11+00:00\",\"description\":\"Bautzen, 4 January 2018. International Green Week will run from 19 to 28 January 2018 in Berlin and DEBAG is providing innovative baking and refrigeration technology for several stands,\",\"breadcrumb\":{\"@id\":\"https:\/\/brutarul.ro\/en\/international-green-week-2018-debag-provides-equipment-trade-fair-stand-central-association-german-bakers-academy\/#breadcrumb\"},\"inLanguage\":\"en-US\",\"potentialAction\":[{\"@type\":\"ReadAction\",\"target\":[\"https:\/\/brutarul.ro\/en\/international-green-week-2018-debag-provides-equipment-trade-fair-stand-central-association-german-bakers-academy\/\"]}]},{\"@type\":\"BreadcrumbList\",\"@id\":\"https:\/\/brutarul.ro\/en\/international-green-week-2018-debag-provides-equipment-trade-fair-stand-central-association-german-bakers-academy\/#breadcrumb\",\"itemListElement\":[{\"@type\":\"ListItem\",\"position\":1,\"name\":\"Home\",\"item\":\"https:\/\/brutarul.ro\/en\/\"},{\"@type\":\"ListItem\",\"position\":2,\"name\":\"International Green Week 2018: DEBAG provides equipment for the trade fair stand of the Central Association of the German Bakers Academy\"}]},{\"@type\":\"Article\",\"@id\":\"https:\/\/brutarul.ro\/en\/international-green-week-2018-debag-provides-equipment-trade-fair-stand-central-association-german-bakers-academy\/#article\",\"isPartOf\":{\"@id\":\"https:\/\/brutarul.ro\/en\/international-green-week-2018-debag-provides-equipment-trade-fair-stand-central-association-german-bakers-academy\/#webpage\"},\"author\":{\"@id\":\"https:\/\/brutarul.ro\/#\/schema\/person\/0de98644e7cc1ed720c6386f6b9bdcbd\"},\"headline\":\"International Green Week 2018: DEBAG provides equipment for the trade fair stand of the Central Association of the German Bakers Academy\",\"datePublished\":\"2018-01-10T08:51:03+00:00\",\"dateModified\":\"2018-01-12T09:44:11+00:00\",\"mainEntityOfPage\":{\"@id\":\"https:\/\/brutarul.ro\/en\/international-green-week-2018-debag-provides-equipment-trade-fair-stand-central-association-german-bakers-academy\/#webpage\"},\"wordCount\":634,\"publisher\":{\"@id\":\"https:\/\/brutarul.ro\/#organization\"},\"image\":{\"@id\":\"https:\/\/brutarul.ro\/en\/international-green-week-2018-debag-provides-equipment-trade-fair-stand-central-association-german-bakers-academy\/#primaryimage\"},\"thumbnailUrl\":\"https:\/\/brutarul.ro\/wp-content\/uploads\/2018\/01\/green-week.jpg\",\"keywords\":[\"news\"],\"articleSection\":[\"News\"],\"inLanguage\":\"en-US\"},{\"@type\":\"Person\",\"@id\":\"https:\/\/brutarul.ro\/#\/schema\/person\/0de98644e7cc1ed720c6386f6b9bdcbd\",\"name\":\"bori\",\"url\":\"https:\/\/brutarul.ro\/en\/author\/bori\/\"}]}<\/script>\n<!-- \/ Yoast SEO plugin. -->","yoast_head_json":{"title":"International Green Week 2018: DEBAG provides equipment for the trade fair stand of the Central Association of the German Bakers Academy","description":"Bautzen, 4 January 2018. International Green Week will run from 19 to 28 January 2018 in Berlin and DEBAG is providing innovative baking and refrigeration technology for several stands,","robots":{"index":"index","follow":"follow","max-snippet":"max-snippet:-1","max-image-preview":"max-image-preview:large","max-video-preview":"max-video-preview:-1"},"canonical":"https:\/\/brutarul.ro\/en\/international-green-week-2018-debag-provides-equipment-trade-fair-stand-central-association-german-bakers-academy\/","og_locale":"en_US","og_type":"article","og_title":"International Green Week 2018: DEBAG provides equipment for the trade fair stand of the Central Association of the German Bakers Academy","og_description":"Bautzen, 4 January 2018. International Green Week will run from 19 to 28 January 2018 in Berlin and DEBAG is providing innovative baking and refrigeration technology for several stands,","og_url":"https:\/\/brutarul.ro\/en\/international-green-week-2018-debag-provides-equipment-trade-fair-stand-central-association-german-bakers-academy\/","og_site_name":"Brutarul Cofetarul","article_publisher":"https:\/\/www.facebook.com\/brutarul","article_published_time":"2018-01-10T08:51:03+00:00","article_modified_time":"2018-01-12T09:44:11+00:00","og_image":[{"width":600,"height":450,"url":"https:\/\/brutarul.ro\/wp-content\/uploads\/2018\/01\/green-week.jpg","type":"image\/jpeg"}],"twitter_card":"summary_large_image","twitter_misc":{"Written by":"bori","Est. reading time":"3 minutes"},"schema":{"@context":"https:\/\/schema.org","@graph":[{"@type":"Organization","@id":"https:\/\/brutarul.ro\/#organization","name":"Revista Brutarul-Cofetarul","url":"https:\/\/brutarul.ro\/","sameAs":["https:\/\/www.facebook.com\/brutarul"],"logo":{"@type":"ImageObject","@id":"https:\/\/brutarul.ro\/#logo","inLanguage":"en-US","url":"https:\/\/brutarul.ro\/wp-content\/uploads\/2022\/10\/B_logo_RO.png","contentUrl":"https:\/\/brutarul.ro\/wp-content\/uploads\/2022\/10\/B_logo_RO.png","width":400,"height":154,"caption":"Revista Brutarul-Cofetarul"},"image":{"@id":"https:\/\/brutarul.ro\/#logo"}},{"@type":"WebSite","@id":"https:\/\/brutarul.ro\/#website","url":"https:\/\/brutarul.ro\/","name":"Brutarul Cofetarul","description":"Brutarul Cofetarul","publisher":{"@id":"https:\/\/brutarul.ro\/#organization"},"potentialAction":[{"@type":"SearchAction","target":{"@type":"EntryPoint","urlTemplate":"https:\/\/brutarul.ro\/?s={search_term_string}"},"query-input":"required name=search_term_string"}],"inLanguage":"en-US"},{"@type":"ImageObject","@id":"https:\/\/brutarul.ro\/en\/international-green-week-2018-debag-provides-equipment-trade-fair-stand-central-association-german-bakers-academy\/#primaryimage","inLanguage":"en-US","url":"https:\/\/brutarul.ro\/wp-content\/uploads\/2018\/01\/green-week.jpg","contentUrl":"https:\/\/brutarul.ro\/wp-content\/uploads\/2018\/01\/green-week.jpg","width":600,"height":450},{"@type":"WebPage","@id":"https:\/\/brutarul.ro\/en\/international-green-week-2018-debag-provides-equipment-trade-fair-stand-central-association-german-bakers-academy\/#webpage","url":"https:\/\/brutarul.ro\/en\/international-green-week-2018-debag-provides-equipment-trade-fair-stand-central-association-german-bakers-academy\/","name":"International Green Week 2018: DEBAG provides equipment for the trade fair stand of the Central Association of the German Bakers Academy","isPartOf":{"@id":"https:\/\/brutarul.ro\/#website"},"primaryImageOfPage":{"@id":"https:\/\/brutarul.ro\/en\/international-green-week-2018-debag-provides-equipment-trade-fair-stand-central-association-german-bakers-academy\/#primaryimage"},"datePublished":"2018-01-10T08:51:03+00:00","dateModified":"2018-01-12T09:44:11+00:00","description":"Bautzen, 4 January 2018. International Green Week will run from 19 to 28 January 2018 in Berlin and DEBAG is providing innovative baking and refrigeration technology for several stands,","breadcrumb":{"@id":"https:\/\/brutarul.ro\/en\/international-green-week-2018-debag-provides-equipment-trade-fair-stand-central-association-german-bakers-academy\/#breadcrumb"},"inLanguage":"en-US","potentialAction":[{"@type":"ReadAction","target":["https:\/\/brutarul.ro\/en\/international-green-week-2018-debag-provides-equipment-trade-fair-stand-central-association-german-bakers-academy\/"]}]},{"@type":"BreadcrumbList","@id":"https:\/\/brutarul.ro\/en\/international-green-week-2018-debag-provides-equipment-trade-fair-stand-central-association-german-bakers-academy\/#breadcrumb","itemListElement":[{"@type":"ListItem","position":1,"name":"Home","item":"https:\/\/brutarul.ro\/en\/"},{"@type":"ListItem","position":2,"name":"International Green Week 2018: DEBAG provides equipment for the trade fair stand of the Central Association of the German Bakers Academy"}]},{"@type":"Article","@id":"https:\/\/brutarul.ro\/en\/international-green-week-2018-debag-provides-equipment-trade-fair-stand-central-association-german-bakers-academy\/#article","isPartOf":{"@id":"https:\/\/brutarul.ro\/en\/international-green-week-2018-debag-provides-equipment-trade-fair-stand-central-association-german-bakers-academy\/#webpage"},"author":{"@id":"https:\/\/brutarul.ro\/#\/schema\/person\/0de98644e7cc1ed720c6386f6b9bdcbd"},"headline":"International Green Week 2018: DEBAG provides equipment for the trade fair stand of the Central Association of the German Bakers Academy","datePublished":"2018-01-10T08:51:03+00:00","dateModified":"2018-01-12T09:44:11+00:00","mainEntityOfPage":{"@id":"https:\/\/brutarul.ro\/en\/international-green-week-2018-debag-provides-equipment-trade-fair-stand-central-association-german-bakers-academy\/#webpage"},"wordCount":634,"publisher":{"@id":"https:\/\/brutarul.ro\/#organization"},"image":{"@id":"https:\/\/brutarul.ro\/en\/international-green-week-2018-debag-provides-equipment-trade-fair-stand-central-association-german-bakers-academy\/#primaryimage"},"thumbnailUrl":"https:\/\/brutarul.ro\/wp-content\/uploads\/2018\/01\/green-week.jpg","keywords":["news"],"articleSection":["News"],"inLanguage":"en-US"},{"@type":"Person","@id":"https:\/\/brutarul.ro\/#\/schema\/person\/0de98644e7cc1ed720c6386f6b9bdcbd","name":"bori","url":"https:\/\/brutarul.ro\/en\/author\/bori\/"}]}},"_links":{"self":[{"href":"https:\/\/brutarul.ro\/en\/wp-json\/wp\/v2\/posts\/2025"}],"collection":[{"href":"https:\/\/brutarul.ro\/en\/wp-json\/wp\/v2\/posts"}],"about":[{"href":"https:\/\/brutarul.ro\/en\/wp-json\/wp\/v2\/types\/post"}],"author":[{"embeddable":true,"href":"https:\/\/brutarul.ro\/en\/wp-json\/wp\/v2\/users\/4"}],"replies":[{"embeddable":true,"href":"https:\/\/brutarul.ro\/en\/wp-json\/wp\/v2\/comments?post=2025"}],"version-history":[{"count":5,"href":"https:\/\/brutarul.ro\/en\/wp-json\/wp\/v2\/posts\/2025\/revisions"}],"predecessor-version":[{"id":2230,"href":"https:\/\/brutarul.ro\/en\/wp-json\/wp\/v2\/posts\/2025\/revisions\/2230"}],"wp:featuredmedia":[{"embeddable":true,"href":"https:\/\/brutarul.ro\/en\/wp-json\/wp\/v2\/media\/2026"}],"wp:attachment":[{"href":"https:\/\/brutarul.ro\/en\/wp-json\/wp\/v2\/media?parent=2025"}],"wp:term":[{"taxonomy":"category","embeddable":true,"href":"https:\/\/brutarul.ro\/en\/wp-json\/wp\/v2\/categories?post=2025"},{"taxonomy":"post_tag","embeddable":true,"href":"https:\/\/brutarul.ro\/en\/wp-json\/wp\/v2\/tags?post=2025"}],"curies":[{"name":"wp","href":"https:\/\/api.w.org\/{rel}","templated":true}]}}